{"id":542,"date":"2025-02-18T10:29:18","date_gmt":"2025-02-18T13:29:18","guid":{"rendered":"https:\/\/www.modareultraconforto.com.br\/?p=542"},"modified":"2025-02-18T10:30:46","modified_gmt":"2025-02-18T13:30:46","slug":"botas-midi-experimente-nova-jornada-de-bem-estar","status":"publish","type":"post","link":"https:\/\/www.modareultraconforto.com.br\/en\/2025\/02\/18\/botas-midi-experimente-nova-jornada-de-bem-estar\/","title":{"rendered":"Botas midi: experimente nova jornada de bem-estar"},"content":{"rendered":"<p>Descubra os in\u00fameros benef\u00edcios dos modelos da Modare Ultraconforto para o seu look e a sa\u00fade dos seus p\u00e9s. &nbsp;<\/p><p>Algu\u00e9m disse botas? Amamos! Esses cal\u00e7ados adicionam a melhor experi\u00eancia de bem-estar no guarda-roupa e nas mais variadas produ\u00e7\u00f5es femininas. Isso a gente fala para todos os dias do ano. Fa\u00e7a chuva ou fa\u00e7a sol, hein? O ponto-chave dessa nossa conversa \u00e9: um s\u00f3 modelo re\u00fane comodidade, estilo e funcionalidade. E a Modare Ultraconforto tem uma indica\u00e7\u00e3o pra l\u00e1 de especial: novidades com cano midi (de 12 a 15 cm) \u2013 com comprimento m\u00e9dio \u2013 e solado tratorado, chegando nas lojas parceiras que vendem os produtos da marca.<\/p><p>Vem conferir!<\/p><p>1.<strong>&nbsp;Cano midi:&nbsp;<\/strong>e<strong>&nbsp;<\/strong>temos duas op\u00e7\u00f5es! Uma delas com certeza \u00e9 conhecida entre voc\u00ea e suas amigas: o modelo ankle boot, que alcan\u00e7a a altura do tornozelo. A outra \u00e9 o coturno (tamb\u00e9m chamado de lace up boot), que se aproxima da panturrilha. As tonalidades neutras (branco off e tons terrosos) d\u00e3o um show de versatilidade junto ao enfeite que remete \u00e0 trend dos cintos (<a href=\"https:\/\/www.modareultraconforto.com.br\/post\/pt\/novidades-para-seu-bem-estar\/precisamos-falar-sobre-o-estilo-western\" target=\"_blank\" rel=\"noreferrer noopener\">influenciada pelo estilo western<\/a>) e aos acabamentos com texturas macias e acolhedoras ao toque, como o matelass\u00ea. E o design dos produtos que mencionamos aqui se encaixa perfeitamente no seu closet inteligente, entregando uma dose de inspira\u00e7\u00e3o a mais para voc\u00ea criar looks diferentes no cotidiano, olha as dicas:<\/p><ul class=\"wp-block-list\"><li>Cal\u00e7as retas ou com o tornozelo estreito s\u00e3o refer\u00eancias do street style, sendo padr\u00e3o dos tipos\u00a0<a href=\"https:\/\/it.pinterest.com\/pin\/40532465389993760\/\" target=\"_blank\" rel=\"noreferrer noopener\">skinny<\/a>,\u00a0<a href=\"https:\/\/it.pinterest.com\/pin\/2744449765839833\/\" target=\"_blank\" rel=\"noreferrer noopener\">legging<\/a>, cropped ou alfaiataria. Outra sugest\u00e3o, especialmente se voc\u00ea gosta de eleg\u00e2ncia, \u00e9 a\u00a0<a href=\"https:\/\/it.pinterest.com\/pin\/543739355029854054\/\" target=\"_blank\" rel=\"noreferrer noopener\">wide leg<\/a>. Viu como as botas midi te acompanham em todos os momentos?;<\/li>\n\n<li>E sabe o que \u00e9 incr\u00edvel nesse assunto? O charme sensacional que os modelos d\u00e3o aos looks com\u00a0<a href=\"https:\/\/it.pinterest.com\/pin\/419257046544953158\/\" target=\"_blank\" rel=\"noreferrer noopener\">saias<\/a>\u00a0e\u00a0<a href=\"https:\/\/it.pinterest.com\/pin\/423338433705960314\/\" target=\"_blank\" rel=\"noreferrer noopener\">vestidos<\/a>,\u00a0sucesso em dias quentes ou de temperaturas amenas (aqueles em que a gente precisa do casaquinho)! O segredo que compartilhamos com voc\u00ea \u00e9 superf\u00e1cil: encontre o equil\u00edbrio entre o comprimento das pe\u00e7as para deixar os detalhes das botas \u00e0 mostra (e isso se aplica na escolha da cal\u00e7a, combinado?).<\/li><\/ul><p>2.<strong>&nbsp;Lug sole:&nbsp;<\/strong>ou solado tratorado! Vem com a gente, pois caprichamos na apar\u00eancia que faz muita diferen\u00e7a no seu caminhar. \u00c9 mesmo? Com certeza, come\u00e7ando pela estabilidade e maior ader\u00eancia, reduzindo o risco de escorreg\u00f5es, por exemplo. Quer mais? Sua presen\u00e7a marcante proporciona uma pisada firme e confiante, principalmente em solos irregulares. \u00c9 perfeito para quem quer praticar atividades ao ar livre (caminhadas leves, trilhas ou desejam desfrutar um tempo de qualidade na natureza). Legal, n\u00e9? Sem d\u00favidas, \u00e9 um drop de bem-estar que garante praticidade e seguran\u00e7a.<\/p><p>3.&nbsp;<strong>Tem b\u00f4nus?<\/strong>&nbsp;Sim e ele se materializa na&nbsp;<a href=\"https:\/\/www.modareultraconforto.com.br\/post\/pt\/tecnologia-para-os-pes\/modare-ultraconforto-apresenta-tecnologia-reflex-sense\" target=\"_blank\" rel=\"noreferrer noopener\">tecnologia Reflex Sense<\/a>, ideal para o seu dia a dia. \u00c9 simples assim: enquanto voc\u00ea fica linda usando os lan\u00e7amentos abaixo, a palmilha massageia e ativa a circula\u00e7\u00e3o sangu\u00ednea, justamente por adotar os&nbsp;<a href=\"https:\/\/www.modareultraconforto.com.br\/post\/pt\/tecnologia\/a-reflexologia-para-o-cuidado-dos-pes\" target=\"_blank\" rel=\"noreferrer noopener\">conceitos da Reflexologia<\/a>. Igualzinho ao que acontece com a automassagem, que age tamb\u00e9m como um aquecedor natural para aumentar sua temperatura corporal (uma maravilha para quem tem os p\u00e9s gelados constantemente), al\u00e9m de relaxar o sistema nervoso e impactar positivamente o humor ao ajudar a reduzir o estresse, ansiedade etc. Interessou? Tem outro conte\u00fado bacana no blog para voc\u00ea ler e incluir na sua rotina de autocuidado:&nbsp;<a href=\"https:\/\/www.modareultraconforto.com.br\/post\/pt\/tecnologia-para-os-pes\/7-beneficios-da-massagem-nos-pes\" target=\"_blank\" rel=\"noreferrer noopener\">7 benef\u00edcios da massagem nos p\u00e9s<\/a>.<\/p><p>Ent\u00e3o, que tal compartilhar essa novidade com todas as pessoas que voc\u00ea ama?<\/p>","protected":false},"excerpt":{"rendered":"<p>Descubra os in\u00fameros benef\u00edcios dos modelos da Modare Ultraconforto para o seu look e a sa\u00fade dos seus p\u00e9s. &nbsp; Algu\u00e9m disse botas? Amamos! Esses cal\u00e7ados adicionam a melhor experi\u00eancia de bem-estar no guarda-roupa e nas mais variadas produ\u00e7\u00f5es femininas. Isso a gente fala para todos os dias do ano. Fa\u00e7a chuva ou fa\u00e7a sol, [&hellip;]<\/p>\n","protected":false},"author":1,"featured_media":308,"comment_status":"open","ping_status":"open","sticky":false,"template":"","format":"standard","meta":{"_acf_changed":false,"footnotes":""},"categories":[31],"tags":[],"class_list":["post-542","post","type-post","status-publish","format-standard","has-post-thumbnail","hentry","category-comportamento-e-estilo-de-vida"],"acf":[],"_links":{"self":[{"href":"https:\/\/www.modareultraconforto.com.br\/en\/wp-json\/wp\/v2\/posts\/542","targetHints":{"allow":["GET"]}}],"collection":[{"href":"https:\/\/www.modareultraconforto.com.br\/en\/wp-json\/wp\/v2\/posts"}],"about":[{"href":"https:\/\/www.modareultraconforto.com.br\/en\/wp-json\/wp\/v2\/types\/post"}],"author":[{"embeddable":true,"href":"https:\/\/www.modareultraconforto.com.br\/en\/wp-json\/wp\/v2\/users\/1"}],"replies":[{"embeddable":true,"href":"https:\/\/www.modareultraconforto.com.br\/en\/wp-json\/wp\/v2\/comments?post=542"}],"version-history":[{"count":1,"href":"https:\/\/www.modareultraconforto.com.br\/en\/wp-json\/wp\/v2\/posts\/542\/revisions"}],"predecessor-version":[{"id":543,"href":"https:\/\/www.modareultraconforto.com.br\/en\/wp-json\/wp\/v2\/posts\/542\/revisions\/543"}],"wp:featuredmedia":[{"embeddable":true,"href":"https:\/\/www.modareultraconforto.com.br\/en\/wp-json\/wp\/v2\/media\/308"}],"wp:attachment":[{"href":"https:\/\/www.modareultraconforto.com.br\/en\/wp-json\/wp\/v2\/media?parent=542"}],"wp:term":[{"taxonomy":"category","embeddable":true,"href":"https:\/\/www.modareultraconforto.com.br\/en\/wp-json\/wp\/v2\/categories?post=542"},{"taxonomy":"post_tag","embeddable":true,"href":"https:\/\/www.modareultraconforto.com.br\/en\/wp-json\/wp\/v2\/tags?post=542"}],"curies":[{"name":"wp","href":"https:\/\/api.w.org\/{rel}","templated":true}]}}