{"id":538,"date":"2025-02-18T10:27:47","date_gmt":"2025-02-18T13:27:47","guid":{"rendered":"https:\/\/www.modareultraconforto.com.br\/?p=538"},"modified":"2025-02-18T10:31:13","modified_gmt":"2025-02-18T13:31:13","slug":"loafers-o-encontro-da-essencia-comfy-e-elegante","status":"publish","type":"post","link":"https:\/\/www.modareultraconforto.com.br\/en\/2025\/02\/18\/loafers-o-encontro-da-essencia-comfy-e-elegante\/","title":{"rendered":"Loafers: o encontro da ess\u00eancia comfy e elegante"},"content":{"rendered":"<p>Esses cal\u00e7ados da Modare Ultraconforto, tamb\u00e9m conhecidos como mocassins, facilitam sua rotina e garantem ajuste perfeito nos seus p\u00e9s.<\/p><p>Usar loafers \u00e9 como andar nas nuvens! N\u00e3o \u00e9 \u00e0 toa que este \u00edcone da moda ganhou ainda mais espa\u00e7o no closet inteligente e conquistou o cora\u00e7\u00e3o das mulheres. Principalmente por causa da experi\u00eancia deliciosa proporcionada pelo design que permite o cal\u00e7ar e o descal\u00e7ar em um piscar de olhos. Economizando um baita tempo na nossa vida! Sem d\u00favidas, \u00e9 uma escolha digna de amor \u00e0 primeira vista, porque os modelos refletem sua personalidade (revelando sua verdadeira ess\u00eancia) e seu estilo (sua autoexpress\u00e3o).<\/p><p>E seus p\u00e9s v\u00e3o agradecer o suporte e o amortecimento recebidos dos loafers da Modare Ultraconforto. Afinal, eles te acompanham o dia todo, seja para buscar os filhos na escola ou para qualquer outro compromisso. E eles entregam um bem valioso \u00e0 sua rotina: m\u00e1ximo bem-estar. Ali\u00e1s, esses favoritos do visual feminino s\u00e3o indispens\u00e1veis at\u00e9 na mala de viagem. Tanto por serem compactos \u2013 e a\u00ed sobra mais espa\u00e7o \u2013 quanto por contemplarem v\u00e1rios momentos gra\u00e7as \u00e0 variedade de cores e acabamentos para finalizar seus looks. Desde o casual ao sofisticado e isso tem nome: versatilidade! Confira as sugest\u00f5es:<\/p><ul class=\"wp-block-list\"><li>Se voc\u00ea tem de 20 a 30 anos, para atender sua agenda din\u00e2mica, coordene\u00a0<a href=\"https:\/\/it.pinterest.com\/pin\/83316661852362390\/\" target=\"_blank\" rel=\"noreferrer noopener\">pe\u00e7as com visual urbano<\/a>, como all jeans ou invista no seu vestido favorito para os dias quentes;<\/li>\n\n<li>J\u00e1 para as horas de trabalho, que tal voc\u00ea chegar, chegando, de\u00a0<a href=\"https:\/\/it.pinterest.com\/pin\/115897390403400030\/\" target=\"_blank\" rel=\"noreferrer noopener\">preppy chic<\/a>? S\u00e9rio, voc\u00ea que \u00e9 30+ amar\u00e1 essa combina\u00e7\u00e3o ao incluir o loafer na cor creme da Modare Ultraconforto na sua produ\u00e7\u00e3o. O resultado \u00e9 sofistica\u00e7\u00e3o minimalista, dando a chance para experimentar tonalidades vibrantes (verde, pink e laranja, em alta no street style). Outra sugest\u00e3o \u00e9 coordenar itens de alfaiataria para um ar profissional inspirado no\u00a0<a href=\"https:\/\/it.pinterest.com\/pin\/127015651985170943\/\" target=\"_blank\" rel=\"noreferrer noopener\">quiet luxury<\/a>, acrescentando tons terrosos escuros (cinza, caf\u00e9 ou marrom);<\/li>\n\n<li>A partir dos 40, o mantra \u00e9\u00a0<a href=\"https:\/\/it.pinterest.com\/pin\/33565959716784358\/\" target=\"_blank\" rel=\"noreferrer noopener\">easy to wear!<\/a>\u00a0A gente sabe que voc\u00ea busca praticidade sem abrir m\u00e3o do estilo! Ent\u00e3o, aposte em cal\u00e7as sob medida com barra reta, estampas (floral, vichy, listras e animal print) e em acess\u00f3rios para dar um toque especial.<\/li><\/ul><p>Viu como os loafers s\u00e3o incr\u00edveis? E tem mais motivos pra voc\u00ea inclu\u00ed-los nas suas produ\u00e7\u00f5es (e tamb\u00e9m us\u00e1-los com as meias da marca): adapta\u00e7\u00e3o a diferentes climas (considere para sua pr\u00f3xima viagem e no seu dia a dia, hein?). Voc\u00ea encontra esses e outros benef\u00edcios nos modelos da Modare Ultraconforto. Leves, os detalhes est\u00e3o superapaixonantes, foco aqui: manta de brilho e enfeites dourados no cabedal para voc\u00ea ter sempre ao alcance um contraste refinado. E todos t\u00eam&nbsp;<a href=\"https:\/\/www.modareultraconforto.com.br\/post\/pt\/tecnologia-para-os-pes\/bem-estar-e-visao-holistica-no-caminho-do-autocuidado\" target=\"_blank\" rel=\"noreferrer noopener\">palmilha Ultracomfy<\/a>&nbsp;de 6,5 mm de espessura, que se acomoda de forma anat\u00f4mica aos seus p\u00e9s, e solado tratorado, que proporciona maior ader\u00eancia ao solo e estabilidade no caminhar. Gostou?<\/p><p>E tem mais tons que precisamos mencionar para voc\u00ea:&nbsp;<a href=\"https:\/\/www.modareultraconforto.com.br\/post\/pt\/meu-momento-modare\/a-cor-que-te-faz-bem-peach-fuzz\" target=\"_blank\" rel=\"noreferrer noopener\">Peach Fuzz<\/a>&nbsp;(discreto, natural e bastante aut\u00eantico), metalizado (ponto focal moderno e imponente) e camel (celebra a natureza, sendo uma alternativa elegante a outras nuances neutras, como preto e branco).<\/p>","protected":false},"excerpt":{"rendered":"<p>Esses cal\u00e7ados da Modare Ultraconforto, tamb\u00e9m conhecidos como mocassins, facilitam sua rotina e garantem ajuste perfeito nos seus p\u00e9s. Usar loafers \u00e9 como andar nas nuvens! N\u00e3o \u00e9 \u00e0 toa que este \u00edcone da moda ganhou ainda mais espa\u00e7o no closet inteligente e conquistou o cora\u00e7\u00e3o das mulheres. Principalmente por causa da experi\u00eancia deliciosa proporcionada [&hellip;]<\/p>\n","protected":false},"author":1,"featured_media":323,"comment_status":"open","ping_status":"open","sticky":false,"template":"","format":"standard","meta":{"_acf_changed":false,"footnotes":""},"categories":[32],"tags":[],"class_list":["post-538","post","type-post","status-publish","format-standard","has-post-thumbnail","hentry","category-tecnologia-para-os-pes"],"acf":[],"_links":{"self":[{"href":"https:\/\/www.modareultraconforto.com.br\/en\/wp-json\/wp\/v2\/posts\/538","targetHints":{"allow":["GET"]}}],"collection":[{"href":"https:\/\/www.modareultraconforto.com.br\/en\/wp-json\/wp\/v2\/posts"}],"about":[{"href":"https:\/\/www.modareultraconforto.com.br\/en\/wp-json\/wp\/v2\/types\/post"}],"author":[{"embeddable":true,"href":"https:\/\/www.modareultraconforto.com.br\/en\/wp-json\/wp\/v2\/users\/1"}],"replies":[{"embeddable":true,"href":"https:\/\/www.modareultraconforto.com.br\/en\/wp-json\/wp\/v2\/comments?post=538"}],"version-history":[{"count":1,"href":"https:\/\/www.modareultraconforto.com.br\/en\/wp-json\/wp\/v2\/posts\/538\/revisions"}],"predecessor-version":[{"id":539,"href":"https:\/\/www.modareultraconforto.com.br\/en\/wp-json\/wp\/v2\/posts\/538\/revisions\/539"}],"wp:featuredmedia":[{"embeddable":true,"href":"https:\/\/www.modareultraconforto.com.br\/en\/wp-json\/wp\/v2\/media\/323"}],"wp:attachment":[{"href":"https:\/\/www.modareultraconforto.com.br\/en\/wp-json\/wp\/v2\/media?parent=538"}],"wp:term":[{"taxonomy":"category","embeddable":true,"href":"https:\/\/www.modareultraconforto.com.br\/en\/wp-json\/wp\/v2\/categories?post=538"},{"taxonomy":"post_tag","embeddable":true,"href":"https:\/\/www.modareultraconforto.com.br\/en\/wp-json\/wp\/v2\/tags?post=538"}],"curies":[{"name":"wp","href":"https:\/\/api.w.org\/{rel}","templated":true}]}}